{"id":1113,"date":"2026-02-17T10:29:22","date_gmt":"2026-02-17T09:29:22","guid":{"rendered":"https:\/\/heimatmuseum-allendorf.de\/?p=1113"},"modified":"2026-02-17T10:29:22","modified_gmt":"2026-02-17T09:29:22","slug":"hessischer-rundfunk-zu-gast-im-buergertreff-allendorfer-altstadt","status":"publish","type":"post","link":"https:\/\/heimatmuseum-allendorf.de\/?p=1113","title":{"rendered":"Hessischer Rundfunk zu Gast im B\u00fcrgertreff Allendorfer Altstadt"},"content":{"rendered":"\n<p><em>Der HR war durch die au\u00dfergew\u00f6hnliche Konstellation von Museum und B\u00fcrgertreff auf die Einrichtungen des Heimat- und Verkehrsverein Allendorf aufmerksam geworden. Bei der j\u00fcngsten Vereinsveranstaltung, ein Reisevortrag von Helga Becker, war eine Reporterin des Hessischen Rundfunks zu Gast und f\u00fchrte mit den Besuchern*innen Interviews. Sie fragte: Warum besuchen Sie diesen Ort? Aus den Antworten war herauszunehmen, dass die Vielzahl der flexiblen Angebote f\u00fcr die unterschiedlichen Altersstrukturen, die Neugier auf die Verbindung zwischen Museumsausstellung und B\u00fcrgertreff, Interesse an der lokalen Geschichte, Treffen mit der Gemeinschaft, die Kunst- und kulturelle Ausstellungsinhalte, der barrierefreie Zugang und die Wertsch\u00e4tzung durch das ehrenamtliche Museumsteam sowie niederschwellige Angebote, die Motivation der G\u00e4ste sind.&nbsp;&nbsp; &nbsp;<\/em><\/p>\n\n\n\n<p><em>Der Hess. Rundfunk hat den Beitrag \u00fcber den Besuch inzwischen im HR 4 gesendet.<\/em><\/p>\n\n\n\n<figure class=\"wp-block-image size-large\"><img loading=\"lazy\" decoding=\"async\" width=\"1024\" height=\"893\" src=\"https:\/\/heimatmuseum-allendorf.de\/wp-content\/uploads\/2026\/02\/HR-Interview-1.2.26-3-1024x893.jpg\" alt=\"\" class=\"wp-image-1114\" srcset=\"https:\/\/heimatmuseum-allendorf.de\/wp-content\/uploads\/2026\/02\/HR-Interview-1.2.26-3-1024x893.jpg 1024w, https:\/\/heimatmuseum-allendorf.de\/wp-content\/uploads\/2026\/02\/HR-Interview-1.2.26-3-300x262.jpg 300w, https:\/\/heimatmuseum-allendorf.de\/wp-content\/uploads\/2026\/02\/HR-Interview-1.2.26-3-768x670.jpg 768w, https:\/\/heimatmuseum-allendorf.de\/wp-content\/uploads\/2026\/02\/HR-Interview-1.2.26-3-1536x1339.jpg 1536w, https:\/\/heimatmuseum-allendorf.de\/wp-content\/uploads\/2026\/02\/HR-Interview-1.2.26-3.jpg 1552w\" sizes=\"auto, (max-width: 1024px) 100vw, 1024px\" \/><\/figure>\n\n\n\n<figure class=\"wp-block-image size-full\"><img loading=\"lazy\" decoding=\"async\" width=\"944\" height=\"509\" src=\"https:\/\/heimatmuseum-allendorf.de\/wp-content\/uploads\/2026\/02\/HR-Interview-1.2.26-5.jpg\" alt=\"\" class=\"wp-image-1115\" srcset=\"https:\/\/heimatmuseum-allendorf.de\/wp-content\/uploads\/2026\/02\/HR-Interview-1.2.26-5.jpg 944w, https:\/\/heimatmuseum-allendorf.de\/wp-content\/uploads\/2026\/02\/HR-Interview-1.2.26-5-300x162.jpg 300w, https:\/\/heimatmuseum-allendorf.de\/wp-content\/uploads\/2026\/02\/HR-Interview-1.2.26-5-768x414.jpg 768w\" sizes=\"auto, (max-width: 944px) 100vw, 944px\" \/><\/figure>\n","protected":false},"excerpt":{"rendered":"<p>Der HR war durch die au\u00dfergew\u00f6hnliche Konstellation von Museum und B\u00fcrgertreff auf die Einrichtungen des Heimat- und Verkehrsverein Allendorf aufmerksam geworden. Bei der j\u00fcngsten Vereinsveranstaltung, ein Reisevortrag von Helga Becker, war eine Reporterin des Hessischen Rundfunks zu Gast und f\u00fchrte &hellip; <a href=\"https:\/\/heimatmuseum-allendorf.de\/?p=1113\">Weiterlesen <span class=\"meta-nav\">&rarr;<\/span><\/a><\/p>\n","protected":false},"author":3,"featured_media":0,"comment_status":"closed","ping_status":"","sticky":false,"template":"","format":"standard","meta":{"footnotes":""},"categories":[1],"tags":[],"class_list":["post-1113","post","type-post","status-publish","format-standard","hentry","category-neuigkeiten"],"_links":{"self":[{"href":"https:\/\/heimatmuseum-allendorf.de\/index.php?rest_route=\/wp\/v2\/posts\/1113","targetHints":{"allow":["GET"]}}],"collection":[{"href":"https:\/\/heimatmuseum-allendorf.de\/index.php?rest_route=\/wp\/v2\/posts"}],"about":[{"href":"https:\/\/heimatmuseum-allendorf.de\/index.php?rest_route=\/wp\/v2\/types\/post"}],"author":[{"embeddable":true,"href":"https:\/\/heimatmuseum-allendorf.de\/index.php?rest_route=\/wp\/v2\/users\/3"}],"replies":[{"embeddable":true,"href":"https:\/\/heimatmuseum-allendorf.de\/index.php?rest_route=%2Fwp%2Fv2%2Fcomments&post=1113"}],"version-history":[{"count":1,"href":"https:\/\/heimatmuseum-allendorf.de\/index.php?rest_route=\/wp\/v2\/posts\/1113\/revisions"}],"predecessor-version":[{"id":1116,"href":"https:\/\/heimatmuseum-allendorf.de\/index.php?rest_route=\/wp\/v2\/posts\/1113\/revisions\/1116"}],"wp:attachment":[{"href":"https:\/\/heimatmuseum-allendorf.de\/index.php?rest_route=%2Fwp%2Fv2%2Fmedia&parent=1113"}],"wp:term":[{"taxonomy":"category","embeddable":true,"href":"https:\/\/heimatmuseum-allendorf.de\/index.php?rest_route=%2Fwp%2Fv2%2Fcategories&post=1113"},{"taxonomy":"post_tag","embeddable":true,"href":"https:\/\/heimatmuseum-allendorf.de\/index.php?rest_route=%2Fwp%2Fv2%2Ftags&post=1113"}],"curies":[{"name":"wp","href":"https:\/\/api.w.org\/{rel}","templated":true}]}}