{"id":1359,"date":"2026-08-31T14:35:32","date_gmt":"2026-08-31T12:35:32","guid":{"rendered":"https:\/\/heimatmuseum-allendorf.de\/?p=1359"},"modified":"2026-08-31T14:35:32","modified_gmt":"2026-08-31T12:35:32","slug":"stimmungsvolles-konzert-im-kuenstlerhof","status":"publish","type":"post","link":"https:\/\/heimatmuseum-allendorf.de\/?p=1359","title":{"rendered":"Stimmungsvolles Konzert im K\u00fcnstlerhof"},"content":{"rendered":"\n<p class=\"wp-block-paragraph\"><strong><em>Am letzten Samstag-Abend hatte der Heimat- und Verkehrsverein zum Konzert mit der Allendorfer Band Schmaggofatz in den K\u00fcnstlerhof Arnold eingeladen. F\u00fcr die vierk\u00f6pfige Band, bestehend aus Martina \u201eTina\u201c Haybach (Gesang), Claudia \u201eClaudi\u201c Bandt (Gesang, Bass und Piano), Martin \u201eMaddin\u201c Bandt, (Gitarre, Gesang) und Stefan \u201eLeo\u201c Leopold (Schlagwerk) war es eine Premiere!<\/em><\/strong><\/p>\n\n\n\n<p class=\"wp-block-paragraph\"><strong><em>Obwohl die Band seit einigen Jahren besteht, war es ihr erster Auftritt in ihrer Heimatstadt Allendorf. Schmaggofatz begeisterte mit ihrem gro\u00dfartigen Auftritt das Publikum im vollbesetzen Biergarten mit musikalischen Leckereien von Abba bis Silly, mit deutschen und internationalen Titeln. Der Konzertabend war der Nachholtermin f\u00fcr den urspr\u00fcnglich geplanten Auftritt im Rahmen des Allendorfer Wochenendes am 26.6.2026, der wegen&nbsp; gro\u00dfer Hitze abgesagt worden war.&nbsp; Die Verschiebung stellte sich als richtige Entscheidung<\/em><\/strong><\/p>\n\n\n\n<p class=\"wp-block-paragraph\"><strong><em>heraus. Die Akteure wurden mit nahezu idealem Konzert-Wetter belohnt. &nbsp;<\/em><\/strong><\/p>\n\n\n\n<p class=\"wp-block-paragraph\"><strong><em>Ein gelungener Auftritt im stimmungsvollen Ambiente des K\u00fcnstlerhofes Arnold! &nbsp;Der Abend macht Lust auf mehr!<\/em><\/strong><\/p>\n\n\n\n<figure class=\"wp-block-image size-large\"><img loading=\"lazy\" decoding=\"async\" width=\"1024\" height=\"867\" src=\"https:\/\/heimatmuseum-allendorf.de\/wp-content\/uploads\/2026\/08\/Konzert-29.8.2026-z-1024x867.jpg\" alt=\"\" class=\"wp-image-1360\" srcset=\"https:\/\/heimatmuseum-allendorf.de\/wp-content\/uploads\/2026\/08\/Konzert-29.8.2026-z-1024x867.jpg 1024w, https:\/\/heimatmuseum-allendorf.de\/wp-content\/uploads\/2026\/08\/Konzert-29.8.2026-z-300x254.jpg 300w, https:\/\/heimatmuseum-allendorf.de\/wp-content\/uploads\/2026\/08\/Konzert-29.8.2026-z-767x649.jpg 767w, https:\/\/heimatmuseum-allendorf.de\/wp-content\/uploads\/2026\/08\/Konzert-29.8.2026-z-1536x1300.jpg 1536w, https:\/\/heimatmuseum-allendorf.de\/wp-content\/uploads\/2026\/08\/Konzert-29.8.2026-z-2048x1733.jpg 2048w\" sizes=\"auto, (max-width: 1024px) 100vw, 1024px\" \/><\/figure>\n\n\n\n<figure class=\"wp-block-image size-large\"><img loading=\"lazy\" decoding=\"async\" width=\"1024\" height=\"768\" src=\"https:\/\/heimatmuseum-allendorf.de\/wp-content\/uploads\/2026\/08\/Konzert-29.8.2026-l-1024x768.jpg\" alt=\"\" class=\"wp-image-1361\" srcset=\"https:\/\/heimatmuseum-allendorf.de\/wp-content\/uploads\/2026\/08\/Konzert-29.8.2026-l-1024x768.jpg 1024w, https:\/\/heimatmuseum-allendorf.de\/wp-content\/uploads\/2026\/08\/Konzert-29.8.2026-l-300x225.jpg 300w, https:\/\/heimatmuseum-allendorf.de\/wp-content\/uploads\/2026\/08\/Konzert-29.8.2026-l-768x576.jpg 768w, https:\/\/heimatmuseum-allendorf.de\/wp-content\/uploads\/2026\/08\/Konzert-29.8.2026-l-1536x1152.jpg 1536w, https:\/\/heimatmuseum-allendorf.de\/wp-content\/uploads\/2026\/08\/Konzert-29.8.2026-l-2048x1536.jpg 2048w\" sizes=\"auto, (max-width: 1024px) 100vw, 1024px\" \/><\/figure>\n\n\n\n<figure class=\"wp-block-image size-large\"><img loading=\"lazy\" decoding=\"async\" width=\"1024\" height=\"768\" src=\"https:\/\/heimatmuseum-allendorf.de\/wp-content\/uploads\/2026\/08\/Konzert-29.8.2026-j-1024x768.jpg\" alt=\"\" class=\"wp-image-1362\" srcset=\"https:\/\/heimatmuseum-allendorf.de\/wp-content\/uploads\/2026\/08\/Konzert-29.8.2026-j-1024x768.jpg 1024w, https:\/\/heimatmuseum-allendorf.de\/wp-content\/uploads\/2026\/08\/Konzert-29.8.2026-j-300x225.jpg 300w, https:\/\/heimatmuseum-allendorf.de\/wp-content\/uploads\/2026\/08\/Konzert-29.8.2026-j-768x576.jpg 768w, https:\/\/heimatmuseum-allendorf.de\/wp-content\/uploads\/2026\/08\/Konzert-29.8.2026-j-1536x1152.jpg 1536w, https:\/\/heimatmuseum-allendorf.de\/wp-content\/uploads\/2026\/08\/Konzert-29.8.2026-j-2048x1536.jpg 2048w\" sizes=\"auto, (max-width: 1024px) 100vw, 1024px\" \/><\/figure>\n\n\n\n<figure class=\"wp-block-image size-large\"><img loading=\"lazy\" decoding=\"async\" width=\"1024\" height=\"755\" src=\"https:\/\/heimatmuseum-allendorf.de\/wp-content\/uploads\/2026\/08\/Konzert-29.8.26-b-1024x755.jpg\" alt=\"\" class=\"wp-image-1363\" srcset=\"https:\/\/heimatmuseum-allendorf.de\/wp-content\/uploads\/2026\/08\/Konzert-29.8.26-b-1024x755.jpg 1024w, https:\/\/heimatmuseum-allendorf.de\/wp-content\/uploads\/2026\/08\/Konzert-29.8.26-b-300x221.jpg 300w, https:\/\/heimatmuseum-allendorf.de\/wp-content\/uploads\/2026\/08\/Konzert-29.8.26-b-767x565.jpg 767w, https:\/\/heimatmuseum-allendorf.de\/wp-content\/uploads\/2026\/08\/Konzert-29.8.26-b-1536x1132.jpg 1536w, https:\/\/heimatmuseum-allendorf.de\/wp-content\/uploads\/2026\/08\/Konzert-29.8.26-b-2048x1509.jpg 2048w\" sizes=\"auto, (max-width: 1024px) 100vw, 1024px\" \/><\/figure>\n","protected":false},"excerpt":{"rendered":"<p>Am letzten Samstag-Abend hatte der Heimat- und Verkehrsverein zum Konzert mit der Allendorfer Band Schmaggofatz in den K\u00fcnstlerhof Arnold eingeladen. F\u00fcr die vierk\u00f6pfige Band, bestehend aus Martina \u201eTina\u201c Haybach (Gesang), Claudia \u201eClaudi\u201c Bandt (Gesang, Bass und Piano), Martin \u201eMaddin\u201c Bandt, &hellip; <a href=\"https:\/\/heimatmuseum-allendorf.de\/?p=1359\">Weiterlesen <span class=\"meta-nav\">&rarr;<\/span><\/a><\/p>\n","protected":false},"author":3,"featured_media":0,"comment_status":"closed","ping_status":"","sticky":false,"template":"","format":"standard","meta":{"footnotes":""},"categories":[1],"tags":[],"class_list":["post-1359","post","type-post","status-publish","format-standard","hentry","category-neuigkeiten"],"_links":{"self":[{"href":"https:\/\/heimatmuseum-allendorf.de\/index.php?rest_route=\/wp\/v2\/posts\/1359","targetHints":{"allow":["GET"]}}],"collection":[{"href":"https:\/\/heimatmuseum-allendorf.de\/index.php?rest_route=\/wp\/v2\/posts"}],"about":[{"href":"https:\/\/heimatmuseum-allendorf.de\/index.php?rest_route=\/wp\/v2\/types\/post"}],"author":[{"embeddable":true,"href":"https:\/\/heimatmuseum-allendorf.de\/index.php?rest_route=\/wp\/v2\/users\/3"}],"replies":[{"embeddable":true,"href":"https:\/\/heimatmuseum-allendorf.de\/index.php?rest_route=%2Fwp%2Fv2%2Fcomments&post=1359"}],"version-history":[{"count":1,"href":"https:\/\/heimatmuseum-allendorf.de\/index.php?rest_route=\/wp\/v2\/posts\/1359\/revisions"}],"predecessor-version":[{"id":1364,"href":"https:\/\/heimatmuseum-allendorf.de\/index.php?rest_route=\/wp\/v2\/posts\/1359\/revisions\/1364"}],"wp:attachment":[{"href":"https:\/\/heimatmuseum-allendorf.de\/index.php?rest_route=%2Fwp%2Fv2%2Fmedia&parent=1359"}],"wp:term":[{"taxonomy":"category","embeddable":true,"href":"https:\/\/heimatmuseum-allendorf.de\/index.php?rest_route=%2Fwp%2Fv2%2Fcategories&post=1359"},{"taxonomy":"post_tag","embeddable":true,"href":"https:\/\/heimatmuseum-allendorf.de\/index.php?rest_route=%2Fwp%2Fv2%2Ftags&post=1359"}],"curies":[{"name":"wp","href":"https:\/\/api.w.org\/{rel}","templated":true}]}}