{"id":1365,"date":"2026-08-31T14:41:31","date_gmt":"2026-08-31T12:41:31","guid":{"rendered":"https:\/\/heimatmuseum-allendorf.de\/?p=1365"},"modified":"2026-08-31T14:41:31","modified_gmt":"2026-08-31T12:41:31","slug":"mittagstisch-fuer-alleinstehende-und-senioren-2","status":"publish","type":"post","link":"https:\/\/heimatmuseum-allendorf.de\/?p=1365","title":{"rendered":"Mittagstisch f\u00fcr Alleinstehende und Senioren"},"content":{"rendered":"\n<p class=\"has-blue-color has-text-color has-link-color wp-elements-1 wp-block-paragraph\"><strong><em>Der n\u00e4chste Mittagstisch f\u00fcr Alleinstehende und Senioren findetam Donnerstag, 17. September, ab 12.30 Uhr, im B\u00fcrgertreff Allendorfer Altstadt, statt. Das Men\u00fc wird in der n\u00e4chsten Ausgabe der Mitteilungsbl\u00e4tter ver\u00f6ffentlicht. Ab ca. 14.00 Uhr laden wir zum Vortrag \u201eGoogle Maps \u2013 mehr als nur ein Routenplaner\u201c ein.<\/em><\/strong><\/p>\n\n\n\n<p class=\"wp-block-paragraph\"><\/p>\n","protected":false},"excerpt":{"rendered":"<p>Der n\u00e4chste Mittagstisch f\u00fcr Alleinstehende und Senioren findetam Donnerstag, 17. September, ab 12.30 Uhr, im B\u00fcrgertreff Allendorfer Altstadt, statt. Das Men\u00fc wird in der n\u00e4chsten Ausgabe der Mitteilungsbl\u00e4tter ver\u00f6ffentlicht. Ab ca. 14.00 Uhr laden wir zum Vortrag \u201eGoogle Maps \u2013 &hellip; <a href=\"https:\/\/heimatmuseum-allendorf.de\/?p=1365\">Weiterlesen <span class=\"meta-nav\">&rarr;<\/span><\/a><\/p>\n","protected":false},"author":3,"featured_media":0,"comment_status":"closed","ping_status":"","sticky":false,"template":"","format":"standard","meta":{"footnotes":""},"categories":[1],"tags":[],"class_list":["post-1365","post","type-post","status-publish","format-standard","hentry","category-neuigkeiten"],"_links":{"self":[{"href":"https:\/\/heimatmuseum-allendorf.de\/index.php?rest_route=\/wp\/v2\/posts\/1365","targetHints":{"allow":["GET"]}}],"collection":[{"href":"https:\/\/heimatmuseum-allendorf.de\/index.php?rest_route=\/wp\/v2\/posts"}],"about":[{"href":"https:\/\/heimatmuseum-allendorf.de\/index.php?rest_route=\/wp\/v2\/types\/post"}],"author":[{"embeddable":true,"href":"https:\/\/heimatmuseum-allendorf.de\/index.php?rest_route=\/wp\/v2\/users\/3"}],"replies":[{"embeddable":true,"href":"https:\/\/heimatmuseum-allendorf.de\/index.php?rest_route=%2Fwp%2Fv2%2Fcomments&post=1365"}],"version-history":[{"count":1,"href":"https:\/\/heimatmuseum-allendorf.de\/index.php?rest_route=\/wp\/v2\/posts\/1365\/revisions"}],"predecessor-version":[{"id":1366,"href":"https:\/\/heimatmuseum-allendorf.de\/index.php?rest_route=\/wp\/v2\/posts\/1365\/revisions\/1366"}],"wp:attachment":[{"href":"https:\/\/heimatmuseum-allendorf.de\/index.php?rest_route=%2Fwp%2Fv2%2Fmedia&parent=1365"}],"wp:term":[{"taxonomy":"category","embeddable":true,"href":"https:\/\/heimatmuseum-allendorf.de\/index.php?rest_route=%2Fwp%2Fv2%2Fcategories&post=1365"},{"taxonomy":"post_tag","embeddable":true,"href":"https:\/\/heimatmuseum-allendorf.de\/index.php?rest_route=%2Fwp%2Fv2%2Ftags&post=1365"}],"curies":[{"name":"wp","href":"https:\/\/api.w.org\/{rel}","templated":true}]}}